[{"@context":"https:\/\/schema.org\/","@type":"Blog","@id":"https:\/\/www.sedmvlku.cz#Blog","headline":"Sedm vlk\u016f","description":"\nPot\u0159ebujete poradit \u010di pomoci s\u00a0n\u011b\u010d\u00edm, co je zjevn\u011b nad va\u0161e s\u00edly? Potom v\u011bzte, \u017ee u n\u00e1s ur\u010dit\u011b najdete n\u011bkoho, kdo v\u00e1m s\u00a0t\u00edm ochotn\u011b pom\u016f\u017ee.","url":"https:\/\/www.sedmvlku.cz","hasPart":[{"@type":"Article","@id":"https:\/\/www.sedmvlku.cz\/jak-rosteme\/","headline":"Jak rosteme\u2026","url":"https:\/\/www.sedmvlku.cz\/jak-rosteme\/","datePublished":"2025-08-10","dateModified":"2025-08-10","mainEntityOfPage":"https:\/\/www.sedmvlku.cz\/jak-rosteme\/","author":{"@type":"Person","@id":"https:\/\/www.sedmvlku.cz\/author\/#Person","name":"","url":"https:\/\/www.sedmvlku.cz\/author\/","identifier":1,"image":{"@type":"ImageObject","@id":"https:\/\/secure.gravatar.com\/avatar\/d6cba3ab97c30e0df0e32548954cb6b1550f4672bd3a4687bf1118b122d757e8?s=96&d=mm&r=g","url":"https:\/\/secure.gravatar.com\/avatar\/d6cba3ab97c30e0df0e32548954cb6b1550f4672bd3a4687bf1118b122d757e8?s=96&d=mm&r=g","height":96,"width":96}},"publisher":{"@type":"Organization","name":"sedmvlku.cz","logo":{"@type":"ImageObject","@id":"\/logo.png","url":"\/logo.png","width":600,"height":60}},"image":null,"wordCount":223,"keywords":null},{"@type":"Article","@id":"https:\/\/www.sedmvlku.cz\/z-masivu-jsou-vyrobena-z-prirodnich-materialu\/","headline":"Z masivu jsou vyrobena z p\u0159\u00edrodn\u00edch materi\u00e1l\u016f","url":"https:\/\/www.sedmvlku.cz\/z-masivu-jsou-vyrobena-z-prirodnich-materialu\/","datePublished":"2025-08-05","dateModified":"2025-08-05","mainEntityOfPage":"https:\/\/www.sedmvlku.cz\/z-masivu-jsou-vyrobena-z-prirodnich-materialu\/","author":{"@type":"Person","@id":"https:\/\/www.sedmvlku.cz\/author\/#Person","name":"","url":"https:\/\/www.sedmvlku.cz\/author\/","identifier":1,"image":{"@type":"ImageObject","@id":"https:\/\/secure.gravatar.com\/avatar\/d6cba3ab97c30e0df0e32548954cb6b1550f4672bd3a4687bf1118b122d757e8?s=96&d=mm&r=g","url":"https:\/\/secure.gravatar.com\/avatar\/d6cba3ab97c30e0df0e32548954cb6b1550f4672bd3a4687bf1118b122d757e8?s=96&d=mm&r=g","height":96,"width":96}},"publisher":{"@type":"Organization","name":"sedmvlku.cz","logo":{"@type":"ImageObject","@id":"\/logo.png","url":"\/logo.png","width":600,"height":60}},"image":null,"wordCount":228,"keywords":null},{"@type":"Article","@id":"https:\/\/www.sedmvlku.cz\/roky-pouzivani-nepujdou-znat\/","headline":"Roky pou\u017e\u00edv\u00e1n\u00ed nep\u016fjdou zn\u00e1t","url":"https:\/\/www.sedmvlku.cz\/roky-pouzivani-nepujdou-znat\/","datePublished":"2025-07-29","dateModified":"2025-07-29","mainEntityOfPage":"https:\/\/www.sedmvlku.cz\/roky-pouzivani-nepujdou-znat\/","author":{"@type":"Person","@id":"https:\/\/www.sedmvlku.cz\/author\/#Person","name":"","url":"https:\/\/www.sedmvlku.cz\/author\/","identifier":1,"image":{"@type":"ImageObject","@id":"https:\/\/secure.gravatar.com\/avatar\/d6cba3ab97c30e0df0e32548954cb6b1550f4672bd3a4687bf1118b122d757e8?s=96&d=mm&r=g","url":"https:\/\/secure.gravatar.com\/avatar\/d6cba3ab97c30e0df0e32548954cb6b1550f4672bd3a4687bf1118b122d757e8?s=96&d=mm&r=g","height":96,"width":96}},"publisher":{"@type":"Organization","name":"sedmvlku.cz","logo":{"@type":"ImageObject","@id":"\/logo.png","url":"\/logo.png","width":600,"height":60}},"image":null,"wordCount":195,"keywords":null},{"@type":"Article","@id":"https:\/\/www.sedmvlku.cz\/blizka-dostupnost-kamkoliv-si-budete-prat\/","headline":"Bl\u00edzk\u00e1 dostupnost kamkoliv si budete p\u0159\u00e1t","url":"https:\/\/www.sedmvlku.cz\/blizka-dostupnost-kamkoliv-si-budete-prat\/","datePublished":"2025-07-22","dateModified":"2025-07-22","mainEntityOfPage":"https:\/\/www.sedmvlku.cz\/blizka-dostupnost-kamkoliv-si-budete-prat\/","author":{"@type":"Person","@id":"https:\/\/www.sedmvlku.cz\/author\/#Person","name":"","url":"https:\/\/www.sedmvlku.cz\/author\/","identifier":1,"image":{"@type":"ImageObject","@id":"https:\/\/secure.gravatar.com\/avatar\/d6cba3ab97c30e0df0e32548954cb6b1550f4672bd3a4687bf1118b122d757e8?s=96&d=mm&r=g","url":"https:\/\/secure.gravatar.com\/avatar\/d6cba3ab97c30e0df0e32548954cb6b1550f4672bd3a4687bf1118b122d757e8?s=96&d=mm&r=g","height":96,"width":96}},"publisher":{"@type":"Organization","name":"sedmvlku.cz","logo":{"@type":"ImageObject","@id":"\/logo.png","url":"\/logo.png","width":600,"height":60}},"image":null,"wordCount":198,"keywords":null},{"@type":"Article","@id":"https:\/\/www.sedmvlku.cz\/kvalitni-pracovni-obuv-pro-ruzne-profese\/","headline":"Kvalitn\u00ed pracovn\u00ed obuv pro r\u016fzn\u00e9 profese","url":"https:\/\/www.sedmvlku.cz\/kvalitni-pracovni-obuv-pro-ruzne-profese\/","datePublished":"2025-07-17","dateModified":"2025-07-17","mainEntityOfPage":"https:\/\/www.sedmvlku.cz\/kvalitni-pracovni-obuv-pro-ruzne-profese\/","author":{"@type":"Person","@id":"https:\/\/www.sedmvlku.cz\/author\/#Person","name":"","url":"https:\/\/www.sedmvlku.cz\/author\/","identifier":1,"image":{"@type":"ImageObject","@id":"https:\/\/secure.gravatar.com\/avatar\/d6cba3ab97c30e0df0e32548954cb6b1550f4672bd3a4687bf1118b122d757e8?s=96&d=mm&r=g","url":"https:\/\/secure.gravatar.com\/avatar\/d6cba3ab97c30e0df0e32548954cb6b1550f4672bd3a4687bf1118b122d757e8?s=96&d=mm&r=g","height":96,"width":96}},"publisher":{"@type":"Organization","name":"sedmvlku.cz","logo":{"@type":"ImageObject","@id":"\/logo.png","url":"\/logo.png","width":600,"height":60}},"image":null,"wordCount":275,"keywords":null},{"@type":"Article","@id":"https:\/\/www.sedmvlku.cz\/ucinne-kosmeticke-prostredky-jiz-nemusi-byt-jen-vasim-snem-ale-skutecnosti\/","headline":"\u00da\u010dinn\u00e9 kosmetick\u00e9 prost\u0159edky ji\u017e nemus\u00ed b\u00fdt jen Va\u0161im snem, ale skute\u010dnost\u00ed","url":"https:\/\/www.sedmvlku.cz\/ucinne-kosmeticke-prostredky-jiz-nemusi-byt-jen-vasim-snem-ale-skutecnosti\/","datePublished":"2025-07-07","dateModified":"2025-07-07","mainEntityOfPage":"https:\/\/www.sedmvlku.cz\/ucinne-kosmeticke-prostredky-jiz-nemusi-byt-jen-vasim-snem-ale-skutecnosti\/","author":{"@type":"Person","@id":"https:\/\/www.sedmvlku.cz\/author\/#Person","name":"","url":"https:\/\/www.sedmvlku.cz\/author\/","identifier":1,"image":{"@type":"ImageObject","@id":"https:\/\/secure.gravatar.com\/avatar\/d6cba3ab97c30e0df0e32548954cb6b1550f4672bd3a4687bf1118b122d757e8?s=96&d=mm&r=g","url":"https:\/\/secure.gravatar.com\/avatar\/d6cba3ab97c30e0df0e32548954cb6b1550f4672bd3a4687bf1118b122d757e8?s=96&d=mm&r=g","height":96,"width":96}},"publisher":{"@type":"Organization","name":"sedmvlku.cz","logo":{"@type":"ImageObject","@id":"\/logo.png","url":"\/logo.png","width":600,"height":60}},"image":null,"wordCount":259,"keywords":null},{"@type":"Article","@id":"https:\/\/www.sedmvlku.cz\/nizke-ceny-kvalitni-reklama\/","headline":"N\u00edzk\u00e9 ceny, kvalitn\u00ed reklama","url":"https:\/\/www.sedmvlku.cz\/nizke-ceny-kvalitni-reklama\/","datePublished":"2025-07-01","dateModified":"2025-07-01","mainEntityOfPage":"https:\/\/www.sedmvlku.cz\/nizke-ceny-kvalitni-reklama\/","author":{"@type":"Person","@id":"https:\/\/www.sedmvlku.cz\/author\/#Person","name":"","url":"https:\/\/www.sedmvlku.cz\/author\/","identifier":1,"image":{"@type":"ImageObject","@id":"https:\/\/secure.gravatar.com\/avatar\/d6cba3ab97c30e0df0e32548954cb6b1550f4672bd3a4687bf1118b122d757e8?s=96&d=mm&r=g","url":"https:\/\/secure.gravatar.com\/avatar\/d6cba3ab97c30e0df0e32548954cb6b1550f4672bd3a4687bf1118b122d757e8?s=96&d=mm&r=g","height":96,"width":96}},"publisher":{"@type":"Organization","name":"sedmvlku.cz","logo":{"@type":"ImageObject","@id":"\/logo.png","url":"\/logo.png","width":600,"height":60}},"image":null,"wordCount":198,"keywords":null},{"@type":"Article","@id":"https:\/\/www.sedmvlku.cz\/musi-zustat-prostor-pro-hrani-i-pro-uceni\/","headline":"Mus\u00ed z\u016fstat prostor pro hran\u00ed i pro u\u010den\u00ed","url":"https:\/\/www.sedmvlku.cz\/musi-zustat-prostor-pro-hrani-i-pro-uceni\/","datePublished":"2025-06-24","dateModified":"2025-06-24","mainEntityOfPage":"https:\/\/www.sedmvlku.cz\/musi-zustat-prostor-pro-hrani-i-pro-uceni\/","author":{"@type":"Person","@id":"https:\/\/www.sedmvlku.cz\/author\/#Person","name":"","url":"https:\/\/www.sedmvlku.cz\/author\/","identifier":1,"image":{"@type":"ImageObject","@id":"https:\/\/secure.gravatar.com\/avatar\/d6cba3ab97c30e0df0e32548954cb6b1550f4672bd3a4687bf1118b122d757e8?s=96&d=mm&r=g","url":"https:\/\/secure.gravatar.com\/avatar\/d6cba3ab97c30e0df0e32548954cb6b1550f4672bd3a4687bf1118b122d757e8?s=96&d=mm&r=g","height":96,"width":96}},"publisher":{"@type":"Organization","name":"sedmvlku.cz","logo":{"@type":"ImageObject","@id":"\/logo.png","url":"\/logo.png","width":600,"height":60}},"image":null,"wordCount":223,"keywords":null},{"@type":"Article","@id":"https:\/\/www.sedmvlku.cz\/vymente-svou-zidli-a-zapomente-na-bolesti-zad\/","headline":"Vym\u011b\u0148te svou \u017eidli a zapome\u0148te na bolesti zad","url":"https:\/\/www.sedmvlku.cz\/vymente-svou-zidli-a-zapomente-na-bolesti-zad\/","datePublished":"2025-06-19","dateModified":"2025-06-19","mainEntityOfPage":"https:\/\/www.sedmvlku.cz\/vymente-svou-zidli-a-zapomente-na-bolesti-zad\/","author":{"@type":"Person","@id":"https:\/\/www.sedmvlku.cz\/author\/#Person","name":"","url":"https:\/\/www.sedmvlku.cz\/author\/","identifier":1,"image":{"@type":"ImageObject","@id":"https:\/\/secure.gravatar.com\/avatar\/d6cba3ab97c30e0df0e32548954cb6b1550f4672bd3a4687bf1118b122d757e8?s=96&d=mm&r=g","url":"https:\/\/secure.gravatar.com\/avatar\/d6cba3ab97c30e0df0e32548954cb6b1550f4672bd3a4687bf1118b122d757e8?s=96&d=mm&r=g","height":96,"width":96}},"publisher":{"@type":"Organization","name":"sedmvlku.cz","logo":{"@type":"ImageObject","@id":"\/logo.png","url":"\/logo.png","width":600,"height":60}},"image":null,"wordCount":206,"keywords":null},{"@type":"Article","@id":"https:\/\/www.sedmvlku.cz\/zacina-to-dobrym-vyberem\/","headline":"Za\u010d\u00edn\u00e1 to dobr\u00fdm v\u00fdb\u011brem","url":"https:\/\/www.sedmvlku.cz\/zacina-to-dobrym-vyberem\/","datePublished":"2025-06-11","dateModified":"2025-06-11","mainEntityOfPage":"https:\/\/www.sedmvlku.cz\/zacina-to-dobrym-vyberem\/","author":{"@type":"Person","@id":"https:\/\/www.sedmvlku.cz\/author\/#Person","name":"","url":"https:\/\/www.sedmvlku.cz\/author\/","identifier":1,"image":{"@type":"ImageObject","@id":"https:\/\/secure.gravatar.com\/avatar\/d6cba3ab97c30e0df0e32548954cb6b1550f4672bd3a4687bf1118b122d757e8?s=96&d=mm&r=g","url":"https:\/\/secure.gravatar.com\/avatar\/d6cba3ab97c30e0df0e32548954cb6b1550f4672bd3a4687bf1118b122d757e8?s=96&d=mm&r=g","height":96,"width":96}},"publisher":{"@type":"Organization","name":"sedmvlku.cz","logo":{"@type":"ImageObject","@id":"\/logo.png","url":"\/logo.png","width":600,"height":60}},"image":null,"wordCount":219,"keywords":null}]},{"@context":"https:\/\/schema.org","@type":"WebSite","@id":"https:\/\/www.sedmvlku.cz\/#website","name":"Sedm vlk\u016f","url":"https:\/\/www.sedmvlku.cz","potentialAction":{"@type":"SearchAction","target":"https:\/\/www.sedmvlku.cz\/?s={search_term_string}","query-input":"required name=search_term_string"}}]